{"id":16220,"date":"2021-02-26T11:46:34","date_gmt":"2021-02-26T02:46:34","guid":{"rendered":"https:\/\/kr.ambafrance-culture.org\/?p=16220"},"modified":"2021-02-26T11:52:29","modified_gmt":"2021-02-26T02:52:29","slug":"%ec%84%a0%ec%9d%b8%ec%84%b8-%ec%a7%80%ec%9b%90%ed%94%84%eb%a1%9c%ea%b7%b8%eb%9e%a8-pap-if-2021-%ec%83%81%eb%b0%98%ea%b8%b0-%eb%8b%b9%ec%84%a0%ec%9e%91","status":"publish","type":"post","link":"https:\/\/kr.ambafrance-culture.org\/ko\/%ec%84%a0%ec%9d%b8%ec%84%b8-%ec%a7%80%ec%9b%90%ed%94%84%eb%a1%9c%ea%b7%b8%eb%9e%a8-pap-if-2021-%ec%83%81%eb%b0%98%ea%b8%b0-%eb%8b%b9%ec%84%a0%ec%9e%91\/","title":{"rendered":"\uc120\uc778\uc138 \uc9c0\uc6d0\ud504\ub85c\uadf8\ub7a8 (PAP IF) 2021 \uc0c1\ubc18\uae30 \ub2f9\uc120\uc791"},"content":{"rendered":"\n<style type=\"text\/css\" data-created_by=\"avia_inline_auto\" id=\"style-css-av-juxm0006-9a480a3245f82d9fd56af6d8bb80845d\">\n.flex_column.av-juxm0006-9a480a3245f82d9fd56af6d8bb80845d{\nborder-radius:0px 0px 0px 0px;\npadding:0px 0px 0px 0px;\n}\n<\/style>\n<div  class='flex_column av-juxm0006-9a480a3245f82d9fd56af6d8bb80845d av_one_full  avia-builder-el-0  el_before_av_one_full  avia-builder-el-first  first flex_column_div av-zero-column-padding  '     ><style type=\"text\/css\" data-created_by=\"avia_inline_auto\" id=\"style-css-av-k9dto7y5-0bf9da0a836b6fcf751ea7a2b6361497\">\n#top .avia-gallery.av-k9dto7y5-0bf9da0a836b6fcf751ea7a2b6361497 .avia-gallery-thumb a{\nwidth:12.5%;\n}\n<\/style>\n<div  class='avia-gallery av-k9dto7y5-0bf9da0a836b6fcf751ea7a2b6361497 avia_animate_when_visible  avia-builder-el-1  avia-builder-el-no-sibling  avia_lazyload avia-gallery-animate avia-gallery-1'  itemprop=\"image\" itemscope=\"itemscope\" itemtype=\"https:\/\/schema.org\/ImageObject\" ><meta itemprop=\"contentURL\" content=\"https:\/\/kr.ambafrance-culture.org\/ko\/%ec%84%a0%ec%9d%b8%ec%84%b8-%ec%a7%80%ec%9b%90%ed%94%84%eb%a1%9c%ea%b7%b8%eb%9e%a8-pap-if-2021-%ec%83%81%eb%b0%98%ea%b8%b0-%eb%8b%b9%ec%84%a0%ec%9e%91\/\"><div class='avia-gallery-thumb'><a href=\"\/wp-content\/uploads\/medias\/2021\/02\/bruno-latour-1-073c379c-678x1030.webp\" data-rel='gallery-1' data-prev-img='\/wp-content\/uploads\/medias\/2021\/02\/bruno-latour-1-9da4787b-800x0.webp' class='first_thumb avianolink noLightbox ' data-onclick='1' title='O\u00f9 suis-je, Bruno Latour'  itemprop=\"thumbnailUrl\"  ><img decoding=\"async\" fetchpriority=\"high\" class=\"wp-image-16210 avia-img-lazy-loading-not-16210\"  data-avia-tooltip='O\u00f9 suis-je, Bruno Latour' src=\"\/wp-content\/uploads\/medias\/2021\/02\/bruno-latour-1-b0d7abad-197x300.webp\" width=\"197\" height=\"300\"  title='bruno latour' alt='' \/><div class='big-prev-fake'><img decoding=\"async\" loading=\"lazy\" class=\"wp-image-16210 avia-img-lazy-loading-16210\"  width=\"800\" height=\"1216\" src=\"\/wp-content\/uploads\/medias\/2021\/02\/bruno-latour-1-9da4787b-800x0.webp\" title='bruno latour' alt='' \/><\/div><\/a><a href=\"\/wp-content\/uploads\/medias\/2021\/02\/historiographie-du-royaume-2ae8dd9a-600x0.webp\" data-rel='gallery-1' data-prev-img='\/wp-content\/uploads\/medias\/2021\/02\/historiographie-du-royaume-2ae8dd9a-600x0.webp' class='avianolink noLightbox ' data-onclick='2' title='Historiographie du royaume, Ma\u00ebl Renouard'  itemprop=\"thumbnailUrl\"  ><img decoding=\"async\" fetchpriority=\"high\" class=\"wp-image-16208 avia-img-lazy-loading-not-16208\"  data-avia-tooltip='Historiographie du royaume, Ma\u00ebl Renouard' src=\"\/wp-content\/uploads\/medias\/2021\/02\/historiographie-du-royaume-9e19cd4d-205x300.webp\" width=\"205\" height=\"300\"  title='historiographie du royaume' alt='' \/><div class='big-prev-fake'><img decoding=\"async\" loading=\"lazy\" class=\"wp-image-16208 avia-img-lazy-loading-16208\"  width=\"600\" height=\"879\" src=\"\/wp-content\/uploads\/medias\/2021\/02\/historiographie-du-royaume-2ae8dd9a-600x0.webp\" title='historiographie du royaume' alt='' \/><\/div><\/a><a href=\"\/wp-content\/uploads\/medias\/2021\/02\/frantz-fanon-6b8691ea-773x1030.webp\" data-rel='gallery-1' data-prev-img='\/wp-content\/uploads\/medias\/2021\/02\/frantz-fanon-c33a29d3-800x0.webp' class='avianolink noLightbox ' data-onclick='3' title='Frantz Fanon, Fr\u00e9d\u00e9ric Ciriez et Romain Lamy'  itemprop=\"thumbnailUrl\"  ><img decoding=\"async\" fetchpriority=\"high\" class=\"wp-image-16206 avia-img-lazy-loading-not-16206\"  data-avia-tooltip='Frantz Fanon, Fr\u00e9d\u00e9ric Ciriez et Romain Lamy' src=\"\/wp-content\/uploads\/medias\/2021\/02\/frantz-fanon-10b3adbb-225x300.webp\" width=\"225\" height=\"300\"  title='frantz fanon' alt='' \/><div class='big-prev-fake'><img decoding=\"async\" loading=\"lazy\" class=\"wp-image-16206 avia-img-lazy-loading-16206\"  width=\"800\" height=\"1066\" src=\"\/wp-content\/uploads\/medias\/2021\/02\/frantz-fanon-c33a29d3-800x0.webp\" title='frantz fanon' alt='' \/><\/div><\/a><a href=\"\/wp-content\/uploads\/medias\/2021\/02\/Le-fils-5499c6dc-715x1030.webp\" data-rel='gallery-1' data-prev-img='\/wp-content\/uploads\/medias\/2021\/02\/Le-fils-2eacb4df-800x0.webp' class='avianolink noLightbox ' data-onclick='4' title='Le fils de Florian Zeller'  itemprop=\"thumbnailUrl\"  ><img decoding=\"async\" fetchpriority=\"high\" class=\"wp-image-16270 avia-img-lazy-loading-not-16270\"  data-avia-tooltip='Le fils de Florian Zeller' src=\"\/wp-content\/uploads\/medias\/2021\/02\/Le-fils-f1c66371-208x300.webp\" width=\"208\" height=\"300\"  title='Le fils' alt='' \/><div class='big-prev-fake'><img decoding=\"async\" loading=\"lazy\" class=\"wp-image-16270 avia-img-lazy-loading-16270\"  width=\"800\" height=\"1153\" src=\"\/wp-content\/uploads\/medias\/2021\/02\/Le-fils-2eacb4df-800x0.webp\" title='Le fils' alt='' \/><\/div><\/a><a href=\"\/wp-content\/uploads\/medias\/2021\/02\/La-mere-1-8feeea1f-376x0.webp\" data-rel='gallery-1' data-prev-img='\/wp-content\/uploads\/medias\/2021\/02\/La-mere-1-8feeea1f-376x0.webp' class='avianolink noLightbox ' data-onclick='5' title='La m\u00e8re de Florian Zeller'  itemprop=\"thumbnailUrl\"  ><img decoding=\"async\" fetchpriority=\"high\" class=\"wp-image-16276 avia-img-lazy-loading-not-16276\"  data-avia-tooltip='La m\u00e8re de Florian Zeller' src=\"\/wp-content\/uploads\/medias\/2021\/02\/La-mere-1-e78e69d0-226x300.webp\" width=\"226\" height=\"300\"  title='La m\u00e8re' alt='' \/><div class='big-prev-fake'><img decoding=\"async\" loading=\"lazy\" class=\"wp-image-16276 avia-img-lazy-loading-16276\"  width=\"376\" height=\"499\" src=\"\/wp-content\/uploads\/medias\/2021\/02\/La-mere-1-8feeea1f-376x0.webp\" title='La m\u00e8re' alt='' \/><\/div><\/a><a href=\"\/wp-content\/uploads\/medias\/2021\/02\/Le-pere-1-feea51f0-376x0.webp\" data-rel='gallery-1' data-prev-img='\/wp-content\/uploads\/medias\/2021\/02\/Le-pere-1-feea51f0-376x0.webp' class='avianolink noLightbox ' data-onclick='6' title='Le p\u00e8re de Florian Zeller'  itemprop=\"thumbnailUrl\"  ><img decoding=\"async\" fetchpriority=\"high\" class=\"wp-image-16278 avia-img-lazy-loading-not-16278\"  data-avia-tooltip='Le p\u00e8re de Florian Zeller' src=\"\/wp-content\/uploads\/medias\/2021\/02\/Le-pere-1-e5ae2de1-226x300.webp\" width=\"226\" height=\"300\"  title='Le p\u00e8re' alt='' \/><div class='big-prev-fake'><img decoding=\"async\" loading=\"lazy\" class=\"wp-image-16278 avia-img-lazy-loading-16278\"  width=\"376\" height=\"499\" src=\"\/wp-content\/uploads\/medias\/2021\/02\/Le-pere-1-feea51f0-376x0.webp\" title='Le p\u00e8re' alt='' \/><\/div><\/a><a href=\"\/wp-content\/uploads\/medias\/2021\/02\/Residence-Beau-Sejour-7b4ffb54-745x1030.webp\" data-rel='gallery-1' data-prev-img='\/wp-content\/uploads\/medias\/2021\/02\/Residence-Beau-Sejour-9273adb3-1446x0.webp' class='avianolink noLightbox ' data-onclick='7' title='R\u00e9sidence Beau S\u00e9jour, Gilles Bachelet'  itemprop=\"thumbnailUrl\"  ><img decoding=\"async\" fetchpriority=\"high\" class=\"wp-image-16202 avia-img-lazy-loading-not-16202\"  data-avia-tooltip='R\u00e9sidence Beau S\u00e9jour, Gilles Bachelet' src=\"\/wp-content\/uploads\/medias\/2021\/02\/Residence-Beau-Sejour-99e64bbd-217x300.webp\" width=\"217\" height=\"300\"  title='R\u00e9sidence Beau S\u00e9jour' alt='' \/><div class='big-prev-fake'><img decoding=\"async\" loading=\"lazy\" class=\"wp-image-16202 avia-img-lazy-loading-16202\"  width=\"1446\" height=\"2000\" src=\"\/wp-content\/uploads\/medias\/2021\/02\/Residence-Beau-Sejour-9273adb3-1446x0.webp\" title='R\u00e9sidence Beau S\u00e9jour' alt='' \/><\/div><\/a><a href=\"\/wp-content\/uploads\/medias\/2021\/02\/onde-dolto-d3af5424-400x0.webp\" data-rel='gallery-1' data-prev-img='\/wp-content\/uploads\/medias\/2021\/02\/onde-dolto-d3af5424-400x0.webp' class='avianolink noLightbox ' data-onclick='8' title='L&#8217;onde Dolto, S\u00e9verine Vidal, Catherine Dolto, Alicia Jaraba'  itemprop=\"thumbnailUrl\"  ><img decoding=\"async\" fetchpriority=\"high\" class=\"wp-image-16200 avia-img-lazy-loading-not-16200\"  data-avia-tooltip='L&#8217;onde Dolto, S\u00e9verine Vidal, Catherine Dolto, Alicia Jaraba' src=\"\/wp-content\/uploads\/medias\/2021\/02\/onde-dolto-eb87bee0-226x300.webp\" width=\"226\" height=\"300\"  title='onde dolto' alt='' \/><div class='big-prev-fake'><img decoding=\"async\" loading=\"lazy\" class=\"wp-image-16200 avia-img-lazy-loading-16200\"  width=\"400\" height=\"532\" src=\"\/wp-content\/uploads\/medias\/2021\/02\/onde-dolto-d3af5424-400x0.webp\" title='onde dolto' alt='' \/><\/div><\/a><\/div><\/div><\/div>\n\n<style type=\"text\/css\" data-created_by=\"avia_inline_auto\" id=\"style-css-av-zcmt-9033b75a364a9752aefa6fc0b6342f14\">\n.flex_column.av-zcmt-9033b75a364a9752aefa6fc0b6342f14{\nborder-radius:0px 0px 0px 0px;\npadding:0px 0px 0px 0px;\n}\n<\/style>\n<div  class='flex_column av-zcmt-9033b75a364a9752aefa6fc0b6342f14 av_one_full  avia-builder-el-2  el_after_av_one_full  el_before_av_hr  first flex_column_div av-zero-column-padding  column-top-margin'     ><section  class='av_textblock_section av-k8tsde1b-bdf307595a1ee8f116a1d4e71eca0d24 '   itemscope=\"itemscope\" itemtype=\"https:\/\/schema.org\/BlogPosting\" itemprop=\"blogPost\" ><div class='avia_textblock'  itemprop=\"text\" ><p>30\ub144\uc804\ubd80\ud130 \ud30c\ub9ac \ud504\ub791\uc2a4\ubb38\ud654\uc6d0\uc758 \uc120\uc778\uc138 \uc9c0\uc6d0\ud504\ub85c\uadf8\ub7a8 \u00ab PAP IF \u00bb\uc744 \ud1b5\ud574 80\uc5ec\uad6d\uc5d0\uc11c \uc57d 20 000\uc810 \uc774\uc0c1\uc758 \ud504\ub791\uc2a4 \uc791\ud488\ub4e4\uc774 \ubc88\uc5ed \ucd9c\uac04\ub418\uc5c8\uc2b5\ub2c8\ub2e4. 2021\ub144 \uc0c1\ubc18\uae30\uc5d0\ub294 \ud55c\uad6d\uc5d0\uc11c \uc9c0\uc6d0\ud55c \uc791\ud488\ub4e4\uc911 \ucd1d 8\uc791\ud488\uc774 \uc120\uc815\ub418\uc5c8\uc2b5\ub2c8\ub2e4 :<\/p>\n<ul>\n<li><em>O\u00f9 suis-je ?<\/em> de Bruno Latour (\uacfc\ud559), La d\u00e9couverte, \u00ab\uc774\uc74c\u00bb \ucd9c\uac04 \uc608\uc815<\/li>\n<li><em>L&#8217;historiographe du royaume<\/em> de Ma\u00ebl Renouard (\uc18c\uc124), Grasset &amp; Fasquelle, \u00ab\ubba4\uc9c4\ud2b8\ub9ac\u00bb \ucd9c\uac04 \uc608\uc815<\/li>\n<li><em>Frantz Fanon <\/em>de Fr\u00e9d\u00e9ric Ciriez et Romain Lamy (\ub9cc\ud654), La d\u00e9couverte, \u00ab\uc774\uc232\u00bb \ucd9c\uac04 \uc608\uc815<\/li>\n<li><em>Le fils<\/em> de Florian Zeller (\uc5f0\uadf9), L&#8217;Avant-sc\u00e8ne th\u00e9\u00e2tre, \u00abZmanz \u00bb \ucd9c\uac04 \uc608\uc815<\/li>\n<li><em>La m\u00e8re<\/em> de Florian Zeller (\uc5f0\uadf9), L&#8217;Avant-sc\u00e8ne th\u00e9\u00e2tre, \u00abZmanz\u00bb \ucd9c\uac04 \uc608\uc815<\/li>\n<li><em>Le p\u00e8re<\/em> de Florian Zeller (\uc5f0\uadf9), L&#8217;Avant-sc\u00e8ne th\u00e9\u00e2tre, \u00abZmanz \u00bb \ucd9c\uac04 \uc608\uc815<\/li>\n<li><em>R\u00e9sidence Beau S\u00e9jour<\/em> de Gilles Bachelet (\uc544\ub3d9 \uadf8\ub9bc\ucc45), Seuil Jeunesse, \u00ab\ucc45\ube5b\u00bb \ucd9c\uac04 \uc608\uc815<\/li>\n<li><i>L&#8217;onde Dolto<\/i> de S\u00e9verine Vidal, Catherine Doloto et Alicia Jaraba (\ub9cc\ud654), Delcourt, \u00ab\uc2e0\ubd81\uc2a4\u00bb \ucd9c\uac04 \uc608\uc815<\/li>\n<\/ul>\n<\/div><\/section><\/div>\n<div  class='hr av-bsacu-7c8729cbb3092d00a0c32eb9cb4556ac hr-default  avia-builder-el-4  el_after_av_one_full  el_before_av_one_half '><span class='hr-inner '><span class=\"hr-inner-style\"><\/span><\/span><\/div>\n\n<style type=\"text\/css\" data-created_by=\"avia_inline_auto\" id=\"style-css-av-juxm0006-9a480a3245f82d9fd56af6d8bb80845d\">\n.flex_column.av-juxm0006-9a480a3245f82d9fd56af6d8bb80845d{\nborder-radius:0px 0px 0px 0px;\npadding:0px 0px 0px 0px;\n}\n<\/style>\n<div  class='flex_column av-juxm0006-9a480a3245f82d9fd56af6d8bb80845d av_one_half  avia-builder-el-5  el_after_av_hr  el_before_av_one_half  first flex_column_div av-zero-column-padding  '     ><section  class='av_textblock_section av-k8tsv6lc-11a666c528544ee72698d2e0bd208ea4 '   itemscope=\"itemscope\" itemtype=\"https:\/\/schema.org\/BlogPosting\" itemprop=\"blogPost\" ><div class='avia_textblock'  itemprop=\"text\" ><header class=\"entry-content-header\">\n<header class=\"entry-content-header\">\n<header class=\"entry-content-header\">\n<h3 class=\"iconbox_content_title \">\uc0c1\uc138\uc815\ubcf4<\/h3>\n<\/header>\n<div class=\"iconbox_content_container \">\n<p>\uc120\uc778\uc138\uc9c0\uc6d0\ud504\ub85c\uadf8\ub7a8\u00ab PAP IF \u00bb \uc2e0\uccad\uc5d0 \uad00\ud55c \uc790\uc138\ud55c \ub0b4\uc6a9\uc740 <span style=\"text-decoration: underline;\"><a href=\"https:\/\/kr.ambafrance-culture.org\/ko\/%ec%b6%9c%ed%8c%90-%eb%b2%88%ec%97%ad-%ec%a7%80%ec%9b%90-%ed%94%84%eb%a1%9c%ea%b7%b8%eb%9e%a8\/\" target=\"_blank\" rel=\"noopener\">\uc774\uacf3<\/a><\/span>\uc5d0\uc11c \ud655\uc778\ud574\uc8fc\uc2dc\uae30 \ubc14\ub78d\ub2c8\ub2e4.<\/p>\n<p>\ud558\ubc18\uae30 \uc120\uc778\uc138 \uc9c0\uc6d0\ud504\ub85c\uadf8\ub7a8 \uc9c0\uc6d0\uc2dc\uae30\ub294 2021\ub144 6\uc6d4\ub85c \uc815\ud655\ud55c \ub0a0\uc9dc\ub294 \ucd94\ud6c4 \ud648\ud398\uc774\uc9c0\ub97c \ud1b5\ud574 \uacf5\uc9c0 \uc608\uc815\uc785\ub2c8\ub2e4.<\/p>\n<\/div>\n<h3><\/h3>\n<\/header>\n<\/header>\n<div class=\"iconbox_content_container \"><\/div>\n<div class=\"avia_iconbox_content\" data-update_with=\"content\"><\/div>\n<\/div><\/section><\/div>\n<style type=\"text\/css\" data-created_by=\"avia_inline_auto\" id=\"style-css-av-juxm0006-0b2340bb6836d23ee1fedae2c3e0164b\">\n.flex_column.av-juxm0006-0b2340bb6836d23ee1fedae2c3e0164b{\nborder-radius:0px 0px 0px 0px;\npadding:0px 0px 0px 0px;\n}\n<\/style>\n<div  class='flex_column av-juxm0006-0b2340bb6836d23ee1fedae2c3e0164b av_one_half  avia-builder-el-7  el_after_av_one_half  avia-builder-el-last  flex_column_div av-zero-column-padding  '     ><section  class='av_textblock_section av-k8tsv6lc-11a666c528544ee72698d2e0bd208ea4 '   itemscope=\"itemscope\" itemtype=\"https:\/\/schema.org\/BlogPosting\" itemprop=\"blogPost\" ><div class='avia_textblock'  itemprop=\"text\" ><header class=\"entry-content-header\">\n<header class=\"entry-content-header\">\n<h3 class=\"iconbox_content_title \">\ubb38\uc758<\/h3>\n<\/header>\n<div class=\"iconbox_content_container \">\n<p><a href=\"mailto:livre@institutfrancais-seoul.com\">livredebat@kr.ambafrance-culture.org<\/a><\/p>\n<p><a href=\"mailto:maelle.colleu-hepke@kr.ambafrance-culture.org\">maelle.colleu-hepke@kr.ambafrance-culture.org<\/a><\/p>\n<\/div>\n<\/header>\n<div class=\"iconbox_content_container \"><\/div>\n<\/div><\/section><\/div><\/p>\n","protected":false},"excerpt":{"rendered":"","protected":false},"author":10,"featured_media":16406,"comment_status":"closed","ping_status":"closed","sticky":false,"template":"","format":"standard","meta":{"footnotes":""},"categories":[63,89,103],"tags":[],"class_list":["post-16220","post","type-post","status-publish","format-standard","has-post-thumbnail","hentry","category-63","category-89","category----pap-if"],"_links":{"self":[{"href":"https:\/\/kr.ambafrance-culture.org\/ko\/wp-json\/wp\/v2\/posts\/16220","targetHints":{"allow":["GET"]}}],"collection":[{"href":"https:\/\/kr.ambafrance-culture.org\/ko\/wp-json\/wp\/v2\/posts"}],"about":[{"href":"https:\/\/kr.ambafrance-culture.org\/ko\/wp-json\/wp\/v2\/types\/post"}],"author":[{"embeddable":true,"href":"https:\/\/kr.ambafrance-culture.org\/ko\/wp-json\/wp\/v2\/users\/10"}],"replies":[{"embeddable":true,"href":"https:\/\/kr.ambafrance-culture.org\/ko\/wp-json\/wp\/v2\/comments?post=16220"}],"version-history":[{"count":0,"href":"https:\/\/kr.ambafrance-culture.org\/ko\/wp-json\/wp\/v2\/posts\/16220\/revisions"}],"wp:featuredmedia":[{"embeddable":true,"href":"https:\/\/kr.ambafrance-culture.org\/ko\/wp-json\/wp\/v2\/media\/16406"}],"wp:attachment":[{"href":"https:\/\/kr.ambafrance-culture.org\/ko\/wp-json\/wp\/v2\/media?parent=16220"}],"wp:term":[{"taxonomy":"category","embeddable":true,"href":"https:\/\/kr.ambafrance-culture.org\/ko\/wp-json\/wp\/v2\/categories?post=16220"},{"taxonomy":"post_tag","embeddable":true,"href":"https:\/\/kr.ambafrance-culture.org\/ko\/wp-json\/wp\/v2\/tags?post=16220"}],"curies":[{"name":"wp","href":"https:\/\/api.w.org\/{rel}","templated":true}]}}